{"id":106683,"date":"2022-02-16T07:59:18","date_gmt":"2022-02-16T06:59:18","guid":{"rendered":"https:\/\/www.pellegattamobili.com\/2022\/02\/16\/i-mobili-pellegatta-in-una-serie-netflix\/"},"modified":"2022-02-16T07:59:18","modified_gmt":"2022-02-16T06:59:18","slug":"i-mobili-pellegatta-in-una-serie-netflix","status":"publish","type":"post","link":"https:\/\/www.pellegattamobili.com\/ru\/2022\/02\/16\/i-mobili-pellegatta-in-una-serie-netflix\/","title":{"rendered":"I mobili Pellegatta in una serie Netflix"},"content":{"rendered":"<p>[vc_row row_height_percent=&#187;100&#8243; override_padding=&#187;yes&#187; h_padding=&#187;2&#8243; top_padding=&#187;5&#8243; bottom_padding=&#187;5&#8243; back_color=&#187;color-nhtu&#187; back_image=&#187;102976&#8243; back_image_auto=&#187;yes&#187; overlay_color=&#187;color-jevc&#187; overlay_alpha=&#187;20&#8243; gutter_size=&#187;3&#8243; column_width_percent=&#187;100&#8243; shift_y=&#187;0&#8243; z_index=&#187;0&#8243; enable_bottom_divider=&#187;default&#187; bottom_divider=&#187;gradient&#187; shape_bottom_h_use_pixel=&#187;true&#187; shape_bottom_height_percent=&#187;100&#8243; shape_bottom_color=&#187;color-jevc&#187; shape_bottom_opacity=&#187;30&#8243; shape_bottom_index=&#187;0&#8243; uncode_shortcode_id=&#187;497794&#8243; back_color_type=&#187;uncode-palette&#187; overlay_color_type=&#187;uncode-palette&#187; shape_bottom_color_type=&#187;uncode-palette&#187;][vc_column column_width_percent=&#187;100&#8243; position_vertical=&#187;middle&#187; align_horizontal=&#187;align_center&#187; gutter_size=&#187;2&#8243; style=&#187;dark&#187; font_family=&#187;font-136269&#8243; overlay_alpha=&#187;50&#8243; shift_x=&#187;0&#8243; shift_y=&#187;0&#8243; shift_y_down=&#187;0&#8243; z_index=&#187;0&#8243; medium_width=&#187;0&#8243; mobile_width=&#187;0&#8243; width=&#187;1\/1&#8243; uncode_shortcode_id=&#187;196706&#8243;][vc_custom_heading auto_text=&#187;yes&#187; heading_semantic=&#187;h1&#8243; text_font=&#187;font-136269&#8243; text_size=&#187;fontsize-445851&#8243; uncode_shortcode_id=&#187;594447&#8243;]Automatic Heading Text[\/vc_custom_heading][vc_empty_space empty_h=&#187;0&#8243;][\/vc_column][\/vc_row][vc_row row_height_percent=&#187;0&#8243; override_padding=&#187;yes&#187; h_padding=&#187;2&#8243; top_padding=&#187;4&#8243; bottom_padding=&#187;0&#8243; overlay_alpha=&#187;100&#8243; gutter_size=&#187;3&#8243; column_width_percent=&#187;100&#8243; shift_y=&#187;0&#8243; z_index=&#187;0&#8243; row_height_use_pixel=&#187;&#187; uncode_shortcode_id=&#187;282890&#8243;][vc_column column_width_use_pixel=&#187;yes&#187; align_horizontal=&#187;align_center&#187; gutter_size=&#187;3&#8243; font_family=&#187;font-136269&#8243; overlay_alpha=&#187;50&#8243; shift_x=&#187;0&#8243; shift_y=&#187;0&#8243; shift_y_down=&#187;0&#8243; z_index=&#187;0&#8243; medium_width=&#187;0&#8243; mobile_width=&#187;0&#8243; zoom_width=&#187;0&#8243; zoom_height=&#187;0&#8243; column_width_pixel=&#187;800&#8243; uncode_shortcode_id=&#187;110955&#8243;][vc_column_text text_lead=&#187;yes&#187; uncode_shortcode_id=&#187;681518&#8243;]<\/p>\n<p class=\"p1\">I mobili Pellegatta entrano a far parte delle scenografia di Luna Park, una serie tv Netflix disponibile a partire da Settembre 2021. Misteri e intrecci famigliari trovano spazio in una Roma degli anni 60 dove drammi, amori e sotterfugi si susseguono ad un ritmo incalzante. Tra opere architettoniche, Luna Park e paesaggi mozzafiato, si fa spazio la splendida villa della famiglia Gabrielli, ed \u00e8 proprio in questa villa che Pellegatta ha arredato la stanza di una delle protagoniste.<\/p>\n<p class=\"p1\">Fiori, volant, decorazioni raffinate e color\u00ec decap\u00e8 simbolo del nostro marchio accompagnano i sogni e le emozioni di Rosa, una ragazza dolce e sensibile proprio come lo stile scelto per la sua camera. Un comodo letto per riposare, com\u00f2 e comodino per conservare gli oggetti pi\u00f9 cari e un angolo toilette dove concedersi uno spazio personale per sentirsi pi\u00f9 belle, questi sono alcuni degli elementi che compongono Florian, la camera protagonista di questa serie tv.<\/p>\n<p class=\"p1\">Fieri ed emozionati di aver portato lo stile unico di Pellegatta anche sugli schermi, ci auguriamo che questa sia solo una delle tante collaborazione che verranno.<\/p>\n<p>[\/vc_column_text][vc_empty_space empty_h=&#187;2&#8243;][\/vc_column][\/vc_row][vc_row unlock_row=&#187;&#187; row_height_percent=&#187;0&#8243; override_padding=&#187;yes&#187; h_padding=&#187;0&#8243; top_padding=&#187;0&#8243; bottom_padding=&#187;0&#8243; overlay_alpha=&#187;50&#8243; gutter_size=&#187;3&#8243; shift_y=&#187;0&#8243; row_height_use_pixel=&#187;&#187;][vc_column][vc_gallery el_id=&#187;gallery-17359&#8243; medias=&#187;103210,103129,103209&#8243; gutter_size=&#187;2&#8243; media_items=&#187;media,icon&#187; screen_lg=&#187;600&#8243; screen_md=&#187;600&#8243; screen_sm=&#187;480&#8243; images_size=&#187;three-two&#187; single_overlay_color=&#187;color-jevc&#187; single_overlay_opacity=&#187;20&#8243; single_image_anim=&#187;no&#187; single_h_align=&#187;center&#187; single_padding=&#187;2&#8243; single_title_dimension=&#187;h1&#8243; single_icon=&#187;fa fa-plus2&#8243; single_border=&#187;yes&#187; carousel_rtl=&#187;&#187; single_title_uppercase=&#187;&#187; uncode_shortcode_id=&#187;909093&#8243;][\/vc_column][\/vc_row]<\/p>\n","protected":false},"excerpt":{"rendered":"<p>I mobili Pellegatta entrano a far parte delle scenografia di Luna Park, una serie tv Netflix disponibile a partire da Settembre 2021. Misteri e intrecci famigliari trovano spazio in una Roma degli anni 60 dove drammi, amori e sotterfugi si susseguono ad un ritmo incalzante<\/p>\n","protected":false},"author":5,"featured_media":105718,"comment_status":"closed","ping_status":"closed","sticky":false,"template":"","format":"standard","meta":{"footnotes":""},"categories":[93],"tags":[],"class_list":["post-106683","post","type-post","status-publish","format-standard","has-post-thumbnail","hentry","category-news"],"_links":{"self":[{"href":"https:\/\/www.pellegattamobili.com\/ru\/wp-json\/wp\/v2\/posts\/106683","targetHints":{"allow":["GET"]}}],"collection":[{"href":"https:\/\/www.pellegattamobili.com\/ru\/wp-json\/wp\/v2\/posts"}],"about":[{"href":"https:\/\/www.pellegattamobili.com\/ru\/wp-json\/wp\/v2\/types\/post"}],"author":[{"embeddable":true,"href":"https:\/\/www.pellegattamobili.com\/ru\/wp-json\/wp\/v2\/users\/5"}],"replies":[{"embeddable":true,"href":"https:\/\/www.pellegattamobili.com\/ru\/wp-json\/wp\/v2\/comments?post=106683"}],"version-history":[{"count":0,"href":"https:\/\/www.pellegattamobili.com\/ru\/wp-json\/wp\/v2\/posts\/106683\/revisions"}],"wp:featuredmedia":[{"embeddable":true,"href":"https:\/\/www.pellegattamobili.com\/ru\/wp-json\/wp\/v2\/media\/105718"}],"wp:attachment":[{"href":"https:\/\/www.pellegattamobili.com\/ru\/wp-json\/wp\/v2\/media?parent=106683"}],"wp:term":[{"taxonomy":"category","embeddable":true,"href":"https:\/\/www.pellegattamobili.com\/ru\/wp-json\/wp\/v2\/categories?post=106683"},{"taxonomy":"post_tag","embeddable":true,"href":"https:\/\/www.pellegattamobili.com\/ru\/wp-json\/wp\/v2\/tags?post=106683"}],"curies":[{"name":"wp","href":"https:\/\/api.w.org\/{rel}","templated":true}]}}