{"id":108451,"date":"2022-02-22T12:45:51","date_gmt":"2022-02-22T11:45:51","guid":{"rendered":"https:\/\/www.pellegattamobili.com\/2022\/02\/22\/online-il-nuovo-sito-pellegatta\/"},"modified":"2022-02-22T12:45:51","modified_gmt":"2022-02-22T11:45:51","slug":"online-il-nuovo-sito-pellegatta","status":"publish","type":"post","link":"https:\/\/www.pellegattamobili.com\/de\/2022\/02\/22\/online-il-nuovo-sito-pellegatta\/","title":{"rendered":"\u00c8 online il nuovo sito Pellegatta"},"content":{"rendered":"<p>[vc_row row_height_percent=&#8220;100&#8243; override_padding=&#8220;yes&#8220; h_padding=&#8220;2&#8243; top_padding=&#8220;5&#8243; bottom_padding=&#8220;5&#8243; back_color=&#8220;color-nhtu&#8220; back_image=&#8220;101068&#8243; back_image_auto=&#8220;yes&#8220; overlay_color=&#8220;color-jevc&#8220; overlay_alpha=&#8220;20&#8243; gutter_size=&#8220;3&#8243; column_width_percent=&#8220;100&#8243; shift_y=&#8220;0&#8243; z_index=&#8220;0&#8243; enable_bottom_divider=&#8220;default&#8220; bottom_divider=&#8220;gradient&#8220; shape_bottom_h_use_pixel=&#8220;true&#8220; shape_bottom_height_percent=&#8220;100&#8243; shape_bottom_color=&#8220;color-jevc&#8220; shape_bottom_opacity=&#8220;30&#8243; shape_bottom_index=&#8220;0&#8243; uncode_shortcode_id=&#8220;347461&#8243; back_color_type=&#8220;uncode-palette&#8220; overlay_color_type=&#8220;uncode-palette&#8220; shape_bottom_color_type=&#8220;uncode-palette&#8220;][vc_column column_width_percent=&#8220;100&#8243; position_vertical=&#8220;middle&#8220; align_horizontal=&#8220;align_center&#8220; gutter_size=&#8220;2&#8243; style=&#8220;dark&#8220; font_family=&#8220;font-136269&#8243; overlay_alpha=&#8220;50&#8243; shift_x=&#8220;0&#8243; shift_y=&#8220;0&#8243; shift_y_down=&#8220;0&#8243; z_index=&#8220;0&#8243; medium_width=&#8220;0&#8243; mobile_width=&#8220;0&#8243; width=&#8220;1\/1&#8243; uncode_shortcode_id=&#8220;196706&#8243;][vc_custom_heading auto_text=&#8220;yes&#8220; heading_semantic=&#8220;h1&#8243; text_font=&#8220;font-136269&#8243; text_size=&#8220;fontsize-445851&#8243; uncode_shortcode_id=&#8220;594447&#8243;]Automatic Heading Text[\/vc_custom_heading][vc_empty_space empty_h=&#8220;0&#8243;][\/vc_column][\/vc_row][vc_row row_height_percent=&#8220;0&#8243; override_padding=&#8220;yes&#8220; h_padding=&#8220;2&#8243; top_padding=&#8220;4&#8243; bottom_padding=&#8220;0&#8243; overlay_alpha=&#8220;100&#8243; gutter_size=&#8220;3&#8243; column_width_percent=&#8220;100&#8243; shift_y=&#8220;0&#8243; z_index=&#8220;0&#8243; row_height_use_pixel=&#8220;&#8220; uncode_shortcode_id=&#8220;282890&#8243;][vc_column column_width_use_pixel=&#8220;yes&#8220; align_horizontal=&#8220;align_center&#8220; gutter_size=&#8220;3&#8243; font_family=&#8220;font-136269&#8243; overlay_alpha=&#8220;50&#8243; shift_x=&#8220;0&#8243; shift_y=&#8220;0&#8243; shift_y_down=&#8220;0&#8243; z_index=&#8220;0&#8243; medium_width=&#8220;0&#8243; mobile_width=&#8220;0&#8243; zoom_width=&#8220;0&#8243; zoom_height=&#8220;0&#8243; column_width_pixel=&#8220;800&#8243; uncode_shortcode_id=&#8220;110955&#8243;][vc_column_text text_lead=&#8220;yes&#8220; uncode_shortcode_id=&#8220;130189&#8243;]<\/p>\n<p class=\"p1\">Questo \u00e8 per noi un anno di novit\u00e0 e cambiamenti, abbiamo deciso di rinnovare la nostra identit\u00e0 partendo proprio da un nuovo sito web per rappresentare al meglio i nostri valori. Pellegatta si presenta in una nuova veste grafica con l\u2019obiettivo di rendere ancora pi\u00f9 piacevole la navigazione grazie alla scelta di un layout intuitivo e moderno.<\/p>\n<p class=\"p1\">Abbiamo concepito il nuovo sito come una finestra sul mondo Pellegatta dove \u00e8 possibile vedere le nostre soluzioni, richiedere informazioni, conoscere i servizi e rimanere aggiornati sulle ultime novit\u00e0. Questo restyling\u00a0 \u00e8 solo l\u2019inizio di un percorso pieno di nuovi progetti per noi e per voi.<span class=\"Apple-converted-space\">\u00a0<\/span><\/p>\n<p>[\/vc_column_text][vc_empty_space empty_h=&#8220;2&#8243;][\/vc_column][\/vc_row][vc_row unlock_row=&#8220;&#8220; row_height_percent=&#8220;0&#8243; override_padding=&#8220;yes&#8220; h_padding=&#8220;0&#8243; top_padding=&#8220;0&#8243; bottom_padding=&#8220;0&#8243; overlay_alpha=&#8220;50&#8243; gutter_size=&#8220;3&#8243; shift_y=&#8220;0&#8243; row_height_use_pixel=&#8220;&#8220;][vc_column][vc_gallery el_id=&#8220;gallery-17359&#8243; gutter_size=&#8220;2&#8243; media_items=&#8220;media,icon&#8220; screen_lg=&#8220;600&#8243; screen_md=&#8220;600&#8243; screen_sm=&#8220;480&#8243; images_size=&#8220;three-two&#8220; single_overlay_color=&#8220;color-jevc&#8220; single_overlay_opacity=&#8220;20&#8243; single_image_anim=&#8220;no&#8220; single_h_align=&#8220;center&#8220; single_padding=&#8220;2&#8243; single_title_dimension=&#8220;h1&#8243; single_icon=&#8220;fa fa-plus2&#8243; single_border=&#8220;yes&#8220; carousel_rtl=&#8220;&#8220; single_title_uppercase=&#8220;&#8220; uncode_shortcode_id=&#8220;171138&#8243;][\/vc_column][\/vc_row]<\/p>\n","protected":false},"excerpt":{"rendered":"<p>Questo \u00e8 per noi un anno di novit\u00e0 e cambiamenti, abbiamo deciso di rinnovare la nostra identit\u00e0 partendo proprio da un nuovo sito web per rappresentare al meglio i nostri valori.<\/p>\n","protected":false},"author":5,"featured_media":107064,"comment_status":"closed","ping_status":"closed","sticky":false,"template":"","format":"standard","meta":{"footnotes":""},"categories":[121],"tags":[],"class_list":["post-108451","post","type-post","status-publish","format-standard","has-post-thumbnail","hentry","category-news"],"_links":{"self":[{"href":"https:\/\/www.pellegattamobili.com\/de\/wp-json\/wp\/v2\/posts\/108451","targetHints":{"allow":["GET"]}}],"collection":[{"href":"https:\/\/www.pellegattamobili.com\/de\/wp-json\/wp\/v2\/posts"}],"about":[{"href":"https:\/\/www.pellegattamobili.com\/de\/wp-json\/wp\/v2\/types\/post"}],"author":[{"embeddable":true,"href":"https:\/\/www.pellegattamobili.com\/de\/wp-json\/wp\/v2\/users\/5"}],"replies":[{"embeddable":true,"href":"https:\/\/www.pellegattamobili.com\/de\/wp-json\/wp\/v2\/comments?post=108451"}],"version-history":[{"count":0,"href":"https:\/\/www.pellegattamobili.com\/de\/wp-json\/wp\/v2\/posts\/108451\/revisions"}],"wp:featuredmedia":[{"embeddable":true,"href":"https:\/\/www.pellegattamobili.com\/de\/wp-json\/wp\/v2\/media\/107064"}],"wp:attachment":[{"href":"https:\/\/www.pellegattamobili.com\/de\/wp-json\/wp\/v2\/media?parent=108451"}],"wp:term":[{"taxonomy":"category","embeddable":true,"href":"https:\/\/www.pellegattamobili.com\/de\/wp-json\/wp\/v2\/categories?post=108451"},{"taxonomy":"post_tag","embeddable":true,"href":"https:\/\/www.pellegattamobili.com\/de\/wp-json\/wp\/v2\/tags?post=108451"}],"curies":[{"name":"wp","href":"https:\/\/api.w.org\/{rel}","templated":true}]}}